{"id":25735,"date":"2024-10-09T14:05:19","date_gmt":"2024-10-09T11:05:19","guid":{"rendered":"https:\/\/vistaakademi.com\/?p=25735"},"modified":"2025-07-29T22:40:58","modified_gmt":"2025-07-29T19:40:58","slug":"ydt-kursu","status":"publish","type":"post","link":"https:\/\/vistaakademi.com\/fr\/ydt-kursu\/","title":{"rendered":"YDT Kursu"},"content":{"rendered":"<p><a href=\"https:\/\/www.1007rehber.com\/blog\/ydt-kursu\/\" rel=\"dofollow noopener\" target=\"_blank\"><strong>YDT Kursu<\/strong><\/a>, T\u00fcrkiye\u2019de \u00fcniversiteye giri\u015f s\u00fcrecinde \u00f6nemli bir yere sahip olan bir s\u0131navd\u0131r. YDT, \u00f6zellikle yabanc\u0131 dil e\u011fitimi almak isteyen \u00f6\u011frencilerin dil yeterliliklerini \u00f6l\u00e7mek i\u00e7in tasarlanm\u0131\u015ft\u0131r. Bu s\u0131nav, \u00f6\u011frencilere dil becerilerini geli\u015ftirme ve yabanc\u0131 dilleri etkili bir \u015fekilde kullanma f\u0131rsat\u0131 sunar. YDT, dil bilgisi, okuma, dinleme ve yazma becerilerini de\u011ferlendirerek \u00f6\u011frencilerin genel dil yeterlilik seviyelerini belirler. YDT\u2019nin kapsam\u0131, \u00fcniversitelerin yabanc\u0131 dil e\u011fitimine y\u00f6nelik alacaklar\u0131 \u00f6\u011frenciler i\u00e7in kritik bir fakt\u00f6rd\u00fcr.<\/p>\n<h2>Vista Akademi YDT Kursu Neden Tercih Edilmeli?<\/h2>\n<p><a href=\"https:\/\/www.backlinksayfasi.com.tr\/blog\/ydt-kursu\/\" rel=\"dofollow noopener\" target=\"_blank\"><strong>YDT Kursu<\/strong><\/a> \u00f6\u011frencilere zengin ve etkili bir \u00f6\u011frenim deneyimi sunmaktad\u0131r. Bu kurslar, dil becerilerini geli\u015ftirmek isteyen her d\u00fczeyde \u00f6\u011frenci i\u00e7in tasarlanm\u0131\u015ft\u0131r. Vista Akademi\u2019nin sa\u011flad\u0131\u011f\u0131 avantajlar aras\u0131nda:<\/p>\n<ul>\n<li><strong>Deneyimli E\u011fitmen Kadrosu<\/strong>: YDT kurslar\u0131nda g\u00f6rev alan e\u011fitmenler, alan\u0131nda uzman, deneyimli ve e\u011fitim metodolojileri konusunda e\u011fitim alm\u0131\u015f profesyonellerdir. \u00d6\u011frencilerin ihtiya\u00e7lar\u0131na g\u00f6re bireysel destek sunarak, onlara en uygun \u00f6\u011frenme y\u00f6ntemlerini uygularlar.<\/li>\n<li><strong>G\u00fcncel E\u011fitim Materyalleri<\/strong>: Vista Akademi, s\u00fcrekli g\u00fcncellenen e\u011fitim materyalleriyle \u00f6\u011frencilerin s\u0131navda kar\u015f\u0131la\u015facaklar\u0131 i\u00e7eriklerle pratik yapmalar\u0131n\u0131 sa\u011flar. Modern kaynaklar ve online destek ile \u00f6\u011frencilerin dil geli\u015fimi desteklenir.<\/li>\n<li><strong>Etkile\u015fimli \u00d6\u011frenme Ortam\u0131<\/strong>: Kurslar, \u00f6\u011frenci kat\u0131l\u0131m\u0131n\u0131 te\u015fvik eden etkile\u015fimli y\u00f6ntemlerle ger\u00e7ekle\u015ftirilir. Grup \u00e7al\u0131\u015fmalar\u0131, tart\u0131\u015fmalar ve uygulamal\u0131 aktiviteler ile \u00f6\u011frenciler, dil becerilerini pratikte geli\u015ftirme f\u0131rsat\u0131 bulurlar.<\/li>\n<\/ul>\n<h3>E\u011fitim Program\u0131n\u0131n \u0130\u00e7eri\u011fi<\/h3>\n<p><a href=\"https:\/\/backlink1007.com.tr\/ydt-kursu\/\" rel=\"nofollow noopener\" target=\"_blank\"><strong>YDT Kursu<\/strong><\/a>, kapsaml\u0131 bir m\u00fcfredata sahiptir. Program\u0131n temel bile\u015fenleri \u015funlard\u0131r:<\/p>\n<ul>\n<li><strong>Dil Bilgisi E\u011fitimi<\/strong>: YDT\u2019nin temelini olu\u015fturan dil bilgisi konular\u0131, detayl\u0131 bir \u015fekilde i\u015flenir. \u00d6\u011frenciler, dil bilgisi kurallar\u0131n\u0131 anlamada ve uygulamada daha yetkin hale gelirler.<\/li>\n<li><strong>Kelime Da\u011farc\u0131\u011f\u0131 Geli\u015fimi<\/strong>: Kurs s\u00fcresince \u00f6\u011frencilerin kelime da\u011farc\u0131\u011f\u0131n\u0131 zenginle\u015ftirecek \u00e7al\u0131\u015fmalar yap\u0131l\u0131r. Kelime \u00f6\u011frenimi, ba\u011flam i\u00e7inde ve farkl\u0131 konularda uygulanarak peki\u015ftirilir.<\/li>\n<li><strong>Dinleme Becerileri<\/strong>: Dinleme becerileri, s\u0131nav\u0131n \u00f6nemli bir b\u00f6l\u00fcm\u00fcn\u00fc olu\u015fturur. \u00d6\u011frenciler, \u00e7e\u015fitli dinleme aktiviteleriyle dinleme anlama becerilerini geli\u015ftirirler. Ger\u00e7ek s\u0131nav ko\u015fullar\u0131na benzer materyallerle dinleme prati\u011fi yap\u0131l\u0131r.<\/li>\n<li><strong>Okuma ve Anlama<\/strong>: Okuma becerileri \u00fczerinde yo\u011funla\u015farak, \u00f6\u011frencilerin metinleri h\u0131zl\u0131 ve do\u011fru bir \u015fekilde anlama yetenekleri art\u0131r\u0131l\u0131r. Farkl\u0131 metin t\u00fcrleri ile okuma al\u0131\u015fkanl\u0131klar\u0131 geli\u015ftirilir.<\/li>\n<li><strong>Yazma Becerileri<\/strong>: Yazma becerilerini geli\u015ftirmek amac\u0131yla, \u00f6\u011frencilere farkl\u0131 yaz\u0131m tarzlar\u0131 ve teknikleri \u00f6\u011fretilir. \u00d6\u011frenciler, denemeler ve kompozisyon yazma \u00e7al\u0131\u015fmalar\u0131yla yaz\u0131l\u0131 ifadelerini g\u00fc\u00e7lendirirler.<\/li>\n<\/ul>\n<h4>E\u011fitmen Kadrosu ve Deneyimi<\/h4>\n<p><strong>YDT Kursu<\/strong>, yabanc\u0131 dil e\u011fitiminde kapsaml\u0131 bir tecr\u00fcbeye sahip olan profesyonellerdir. E\u011fitmenler, her \u00f6\u011frencinin \u00f6\u011frenme tarz\u0131n\u0131 dikkate alarak, bireysel \u00f6\u011frenim planlar\u0131 olu\u015fturmaktad\u0131r. Bu sayede, her \u00f6\u011frencinin kendi potansiyelini en \u00fcst d\u00fczeye \u00e7\u0131karmas\u0131 i\u00e7in gerekli destek sa\u011flan\u0131r. Ayr\u0131ca, e\u011fitmenler d\u00fczenli olarak g\u00fcncel e\u011fitim seminerlerine kat\u0131larak, e\u011fitim y\u00f6ntemlerini ve tekniklerini s\u00fcrekli olarak geli\u015ftirirler.<\/p>\n<h5>Ba\u015far\u0131 ve Takip S\u00fcreci<\/h5>\n<p><strong>YDT Kursu<\/strong>, \u00f6\u011frencilerin ba\u015far\u0131lar\u0131n\u0131 s\u00fcrekli olarak takip etmekte ve bu do\u011frultuda geri bildirim sa\u011flamaktad\u0131r. Kurs s\u00fcresince yap\u0131lan deneme s\u0131navlar\u0131 ve de\u011ferlendirmeler, \u00f6\u011frencilerin geli\u015fimlerini g\u00f6zlemlemek i\u00e7in kullan\u0131l\u0131r. \u00d6\u011frencilerin zay\u0131f oldu\u011fu noktalar belirlenerek, bu alanlarda ek destek sa\u011flan\u0131r. B\u00f6ylece, \u00f6\u011frencilerin hedefledikleri ba\u015far\u0131ya ula\u015fmalar\u0131 i\u00e7in gerekli ad\u0131mlar at\u0131l\u0131r. Ayr\u0131ca, kurs sonunda yap\u0131lan genel de\u011ferlendirmeler, \u00f6\u011frencilere hangi alanlarda geli\u015fim g\u00f6stermeleri gerekti\u011fi konusunda net bir bak\u0131\u015f a\u00e7\u0131s\u0131 sunar.<\/p>\n<div class=\"flex max-w-full flex-col flex-grow\">\n<div class=\"min-h-8 text-message flex w-full flex-col items-end gap-2 whitespace-normal break-words [.text-message+&amp;]:mt-5\" dir=\"auto\" data-message-author-role=\"assistant\" data-message-id=\"6232f14e-8c8f-4ad2-a5f6-d3a1584d171e\" data-message-model-slug=\"gpt-4o-mini\">\n<div class=\"flex w-full flex-col gap-1 empty:hidden first:pt-[3px]\">\n<div class=\"markdown prose w-full break-words dark:prose-invert light\">\n<h6>Sonu\u00e7 ve Beklentiler<\/h6>\n<p><strong>YDT Kursu<\/strong> ile \u00f6\u011frencilerin yabanc\u0131 dil yeterliliklerini art\u0131rmay\u0131 ve s\u0131navda ba\u015far\u0131l\u0131 olma \u015fanslar\u0131n\u0131 y\u00fckseltmeyi hedeflemektedir. Kurs, kapsaml\u0131 m\u00fcfredat\u0131, deneyimli e\u011fitmen kadrosu ve \u00f6\u011frenci odakl\u0131 yakla\u015f\u0131m\u0131 ile dikkat \u00e7ekmektedir. YDT\u2019ye haz\u0131rlanan \u00f6\u011frenciler i\u00e7in Vista Akademi, g\u00fc\u00e7l\u00fc bir e\u011fitim deste\u011fi sunarak, onlar\u0131 gelece\u011fe haz\u0131rlamaktad\u0131r. Bu s\u00fcre\u00e7te \u00f6\u011frencilerin, do\u011fru bir y\u00f6nlendirme ile potansiyellerini ke\u015ffetmeleri ve dil becerilerini en \u00fcst d\u00fczeye \u00e7\u0131karmalar\u0131 beklenmektedir.<\/p>\n<p>Firmam\u0131z\u0131n di\u011fer bloklar\u0131ndan biri olan <a href=\"https:\/\/vistaakademi.com\/fr\/ydt-kursu-online\/\"><strong>YDT Kursu Online<\/strong><\/a> blo\u011fumuza g\u00f6z atmak isterseniz buraya t\u0131kalyabilirsiniz.<\/p>\n<\/div>\n<\/div>\n<p><img fetchpriority=\"high\" decoding=\"async\" class=\"alignnone wp-image-25904\" src=\"https:\/\/vistaakademi.com\/wp-content\/uploads\/2024\/10\/YTD-dil-kursu-240x300.jpg\" alt=\"\" width=\"271\" height=\"339\" srcset=\"https:\/\/vistaakademi.com\/wp-content\/uploads\/2024\/10\/YTD-dil-kursu-240x300.jpg 240w, https:\/\/vistaakademi.com\/wp-content\/uploads\/2024\/10\/YTD-dil-kursu-350x438.jpg 350w, https:\/\/vistaakademi.com\/wp-content\/uploads\/2024\/10\/YTD-dil-kursu-150x188.jpg 150w, https:\/\/vistaakademi.com\/wp-content\/uploads\/2024\/10\/YTD-dil-kursu-500x625.jpg 500w, https:\/\/vistaakademi.com\/wp-content\/uploads\/2024\/10\/YTD-dil-kursu-640x800.jpg 640w, https:\/\/vistaakademi.com\/wp-content\/uploads\/2024\/10\/YTD-dil-kursu-768x960.jpg 768w, https:\/\/vistaakademi.com\/wp-content\/uploads\/2024\/10\/YTD-dil-kursu-10x12.jpg 10w, https:\/\/vistaakademi.com\/wp-content\/uploads\/2024\/10\/YTD-dil-kursu.jpg 1080w\" sizes=\"(max-width: 271px) 100vw, 271px\" \/>\u00a0 \u00a0<img decoding=\"async\" class=\"alignnone wp-image-25905\" src=\"https:\/\/vistaakademi.com\/wp-content\/uploads\/2024\/10\/YTD-dil-kursu-2-240x300.jpg\" alt=\"\" width=\"271\" height=\"339\" srcset=\"https:\/\/vistaakademi.com\/wp-content\/uploads\/2024\/10\/YTD-dil-kursu-2-240x300.jpg 240w, https:\/\/vistaakademi.com\/wp-content\/uploads\/2024\/10\/YTD-dil-kursu-2-350x438.jpg 350w, https:\/\/vistaakademi.com\/wp-content\/uploads\/2024\/10\/YTD-dil-kursu-2-150x188.jpg 150w, https:\/\/vistaakademi.com\/wp-content\/uploads\/2024\/10\/YTD-dil-kursu-2-500x625.jpg 500w, https:\/\/vistaakademi.com\/wp-content\/uploads\/2024\/10\/YTD-dil-kursu-2-640x800.jpg 640w, https:\/\/vistaakademi.com\/wp-content\/uploads\/2024\/10\/YTD-dil-kursu-2-768x960.jpg 768w, https:\/\/vistaakademi.com\/wp-content\/uploads\/2024\/10\/YTD-dil-kursu-2-10x12.jpg 10w, https:\/\/vistaakademi.com\/wp-content\/uploads\/2024\/10\/YTD-dil-kursu-2.jpg 1080w\" sizes=\"(max-width: 271px) 100vw, 271px\" \/>\u00a0 \u00a0 <img decoding=\"async\" class=\"alignnone wp-image-25906\" src=\"https:\/\/vistaakademi.com\/wp-content\/uploads\/2024\/10\/YTD-dil-kursu-3-240x300.jpg\" alt=\"\" width=\"270\" height=\"338\" srcset=\"https:\/\/vistaakademi.com\/wp-content\/uploads\/2024\/10\/YTD-dil-kursu-3-240x300.jpg 240w, https:\/\/vistaakademi.com\/wp-content\/uploads\/2024\/10\/YTD-dil-kursu-3-350x438.jpg 350w, https:\/\/vistaakademi.com\/wp-content\/uploads\/2024\/10\/YTD-dil-kursu-3-150x188.jpg 150w, https:\/\/vistaakademi.com\/wp-content\/uploads\/2024\/10\/YTD-dil-kursu-3-500x625.jpg 500w, https:\/\/vistaakademi.com\/wp-content\/uploads\/2024\/10\/YTD-dil-kursu-3-640x800.jpg 640w, https:\/\/vistaakademi.com\/wp-content\/uploads\/2024\/10\/YTD-dil-kursu-3-768x960.jpg 768w, https:\/\/vistaakademi.com\/wp-content\/uploads\/2024\/10\/YTD-dil-kursu-3-10x12.jpg 10w, https:\/\/vistaakademi.com\/wp-content\/uploads\/2024\/10\/YTD-dil-kursu-3.jpg 1080w\" sizes=\"(max-width: 270px) 100vw, 270px\" \/><\/p>\n<\/div>\n<p><strong>YDT Kursu<\/strong>, alan\u0131nda deneyimli ve yabanc\u0131 dil e\u011fitiminde uzman e\u011fitmenler taraf\u0131ndan sunulmaktad\u0131r. Her \u00f6\u011frencinin \u00f6\u011frenme tarz\u0131na \u00f6zel, bireysel \u00f6\u011frenim planlar\u0131 haz\u0131rlayarak, \u00f6\u011frencilerin potansiyellerini en \u00fcst d\u00fczeye \u00e7\u0131karacak bir e\u011fitim yakla\u015f\u0131m\u0131 benimserler. E\u011fitmenler, s\u00fcrekli geli\u015fim i\u00e7in g\u00fcncel e\u011fitim seminerlerine kat\u0131larak en yeni \u00f6\u011fretim tekniklerini kursa entegre eder ve \u00f6\u011frencilerin s\u0131nav performans\u0131n\u0131 art\u0131rmada etkili \u00e7\u00f6z\u00fcmler sunar.<\/p>\n<h2>Ba\u015far\u0131 ve Takip S\u00fcreci<\/h2>\n<p><strong>YDT Kursu<\/strong>, \u00f6\u011frencilerin ilerlemesini d\u00fczenli olarak denetleyerek, performanslar\u0131na dayal\u0131 geri bildirimler sa\u011flar. Kurs boyunca ger\u00e7ekle\u015ftirilen deneme s\u0131navlar\u0131 ve analizler ile \u00f6\u011frencilerin g\u00fc\u00e7l\u00fc ve zay\u0131f y\u00f6nleri belirlenir, eksik g\u00f6r\u00fclen alanlarda ekstra destek verilir. Bu sayede, \u00f6\u011frenciler hedefledikleri ba\u015far\u0131ya do\u011fru ad\u0131m ad\u0131m ilerlerken, kurs sonundaki genel de\u011ferlendirmeler de onlara geli\u015fmeleri gereken noktalar konusunda kapsaml\u0131 bir rehber sunar.<\/p>\n<\/div>","protected":false},"excerpt":{"rendered":"<p>YDT Kursu, T\u00fcrkiye\u2019de \u00fcniversiteye giri\u015f s\u00fcrecinde \u00f6nemli bir yere sahip olan bir s\u0131navd\u0131r. YDT, \u00f6zellikle yabanc\u0131 dil e\u011fitimi almak isteyen<\/p>","protected":false},"author":1,"featured_media":25736,"comment_status":"closed","ping_status":"closed","sticky":false,"template":"","format":"standard","meta":{"footnotes":""},"categories":[71],"tags":[108,105,109,110,106,107],"class_list":["post-25735","post","type-post","status-publish","format-standard","has-post-thumbnail","hentry","category-blog","tag-online-ydt-kursu","tag-online-ydt-kursu-fiyatlari","tag-ydt-kursu","tag-ydt-kursu-fiyatlari","tag-ydt-kursu-fiyatlari-online","tag-ydt-kursu-online"],"_links":{"self":[{"href":"https:\/\/vistaakademi.com\/fr\/wp-json\/wp\/v2\/posts\/25735","targetHints":{"allow":["GET"]}}],"collection":[{"href":"https:\/\/vistaakademi.com\/fr\/wp-json\/wp\/v2\/posts"}],"about":[{"href":"https:\/\/vistaakademi.com\/fr\/wp-json\/wp\/v2\/types\/post"}],"author":[{"embeddable":true,"href":"https:\/\/vistaakademi.com\/fr\/wp-json\/wp\/v2\/users\/1"}],"replies":[{"embeddable":true,"href":"https:\/\/vistaakademi.com\/fr\/wp-json\/wp\/v2\/comments?post=25735"}],"version-history":[{"count":0,"href":"https:\/\/vistaakademi.com\/fr\/wp-json\/wp\/v2\/posts\/25735\/revisions"}],"wp:featuredmedia":[{"embeddable":true,"href":"https:\/\/vistaakademi.com\/fr\/wp-json\/wp\/v2\/media\/25736"}],"wp:attachment":[{"href":"https:\/\/vistaakademi.com\/fr\/wp-json\/wp\/v2\/media?parent=25735"}],"wp:term":[{"taxonomy":"category","embeddable":true,"href":"https:\/\/vistaakademi.com\/fr\/wp-json\/wp\/v2\/categories?post=25735"},{"taxonomy":"post_tag","embeddable":true,"href":"https:\/\/vistaakademi.com\/fr\/wp-json\/wp\/v2\/tags?post=25735"}],"curies":[{"name":"wp","href":"https:\/\/api.w.org\/{rel}","templated":true}]}}